{"id":2700,"date":"2023-01-08T12:45:40","date_gmt":"2023-01-08T12:45:40","guid":{"rendered":"https:\/\/bobasowo.com.pl\/?p=2700"},"modified":"2023-01-18T08:00:54","modified_gmt":"2023-01-18T08:00:54","slug":"plan-edukacyjny-styczen-2023","status":"publish","type":"post","link":"https:\/\/bobasowo.com.pl\/gdecka\/informacje\/plan-edukacyjny-styczen-2023\/","title":{"rendered":"Plan edukacyjny &#8211; Stycze\u0144 2023"},"content":{"rendered":"<div id=\"pl-2700\"  class=\"panel-layout\" ><div id=\"pg-2700-0\"  class=\"panel-grid panel-no-style\" ><div id=\"pgc-2700-0-0\"  class=\"panel-grid-cell\" ><div id=\"panel-2700-0-0-0\" class=\"so-panel widget widget_text panel-first-child\" data-index=\"0\" >\t\t\t<div class=\"textwidget\"><p>Plan Edukacyjny na stycze\u0144 2023. Drodzy Rodzice, zapraszamy do zaznajomienia si\u0119 ze styczniowym Rozk\u0142adem Jazdy naszego \u017c\u0142obka. Jak zwykle u nas, na dzieci czeka moc atrakcji, mn\u00f3stwo rozrywki, prac plastycznych, dobrej zabawy i u\u015bmiechu.<\/p>\n<p>W dniu 20 stycznia o godzinie 15:30 zapraszamy wszystkie Babcie i Dziadk\u00f3w do udzia\u0142u w specjalnych warsztatach z okazji ich \u015bwi\u0119ta. Mn\u00f3stwo dobrej zabawy gwarantowane!<\/p>\n<p>#dzie\u0144babci #dziendziadka #dzienbabciidziadka<\/p>\n<\/div>\n\t\t<\/div><div id=\"panel-2700-0-0-1\" class=\"so-panel widget\" data-index=\"1\" ><\/div><div id=\"panel-2700-0-0-2\" class=\"so-panel widget widget_text panel-last-child\" data-index=\"2\" >\t\t\t<div class=\"textwidget\"><p>Ju\u017c dzi\u015b <a href=\"https:\/\/bobasowo.com.pl\/rejestracja\/\">zarejestruj si\u0119<\/a> i zacznij przygod\u0119 w naszym \u017c\u0142obku. Zapraszamy!!!<\/p>\n<p>Zobacz jak wygl\u0105daj\u0105 nasze zaj\u0119cia muzyczne, logopedyczne, z angielskiego i inne na naszym <a href=\"https:\/\/www.facebook.com\/ZlobekBobasowo\">facebooku<\/a>.<\/p>\n<\/div>\n\t\t<\/div><\/div><\/div><\/div>","protected":false},"excerpt":{"rendered":"<p>Plan Edukacyjny na stycze\u0144 2023. Drodzy Rodzice, zapraszamy do zaznajomienia si\u0119 ze styczniowym Rozk\u0142adem Jazdy naszego \u017c\u0142obka. Jak zwykle u [&hellip;]<\/p>\n","protected":false},"author":3,"featured_media":2708,"comment_status":"closed","ping_status":"open","sticky":false,"template":"","format":"standard","meta":{"ngg_post_thumbnail":0,"footnotes":""},"categories":[39],"tags":[73,74,72],"class_list":["post-2700","post","type-post","status-publish","format-standard","has-post-thumbnail","hentry","category-informacje","tag-dzien-babci","tag-dzien-dziadka","tag-plan-edukacyjny"],"aioseo_notices":[],"_links":{"self":[{"href":"https:\/\/bobasowo.com.pl\/gdecka\/wp-json\/wp\/v2\/posts\/2700","targetHints":{"allow":["GET"]}}],"collection":[{"href":"https:\/\/bobasowo.com.pl\/gdecka\/wp-json\/wp\/v2\/posts"}],"about":[{"href":"https:\/\/bobasowo.com.pl\/gdecka\/wp-json\/wp\/v2\/types\/post"}],"author":[{"embeddable":true,"href":"https:\/\/bobasowo.com.pl\/gdecka\/wp-json\/wp\/v2\/users\/3"}],"replies":[{"embeddable":true,"href":"https:\/\/bobasowo.com.pl\/gdecka\/wp-json\/wp\/v2\/comments?post=2700"}],"version-history":[{"count":0,"href":"https:\/\/bobasowo.com.pl\/gdecka\/wp-json\/wp\/v2\/posts\/2700\/revisions"}],"wp:featuredmedia":[{"embeddable":true,"href":"https:\/\/bobasowo.com.pl\/gdecka\/wp-json\/wp\/v2\/media\/2708"}],"wp:attachment":[{"href":"https:\/\/bobasowo.com.pl\/gdecka\/wp-json\/wp\/v2\/media?parent=2700"}],"wp:term":[{"taxonomy":"category","embeddable":true,"href":"https:\/\/bobasowo.com.pl\/gdecka\/wp-json\/wp\/v2\/categories?post=2700"},{"taxonomy":"post_tag","embeddable":true,"href":"https:\/\/bobasowo.com.pl\/gdecka\/wp-json\/wp\/v2\/tags?post=2700"}],"curies":[{"name":"wp","href":"https:\/\/api.w.org\/{rel}","templated":true}]}}